{"id":531,"date":"2021-04-23T09:05:23","date_gmt":"2021-04-23T07:05:23","guid":{"rendered":"http:\/\/sc-france.fr\/lycee-georges-de-la-tour\/"},"modified":"2022-07-22T17:02:37","modified_gmt":"2022-07-22T15:02:37","slug":"lycee-georges-de-la-tour","status":"publish","type":"post","link":"https:\/\/sc-france.fr\/de\/lycee-georges-de-la-tour\/","title":{"rendered":"Lyc\u00e9e Georges de la Tour"},"content":{"rendered":"<p>[vc_section full_width=&#8220;stretch_row_content&#8220; el_id=&#8220;single-ref-header-intro&#8220; css=&#8220;.vc_custom_1658474476934{background-image: url(\/wp-content\/uploads\/2022\/07\/Group-626.png?id=294) !important;}&#8220;][vc_row full_width=&#8220;stretch_row_content_no_spaces&#8220;][vc_column][vc_single_image image=&#8220;294&#8243; img_size=&#8220;full&#8220; alignment=&#8220;center&#8220; css=&#8220;.vc_custom_1658474466815{margin-bottom: 0px !important;}&#8220;][vc_column_text el_class=&#8220;colored custom-breadcrumbs&#8220;]<a href=\"\/de\/referenzen\/\">Nos r\u00e9f\u00e9rences<\/a> &gt; Lyc\u00e9e Georges de la Tour[\/vc_column_text][\/vc_column][\/vc_row][\/vc_section][vc_section el_id=&#8220;ref-content&#8220;][vc_row el_class=&#8220;bot-border-black&#8220;][vc_column width=&#8220;1\/3&#8243;][vc_column_text el_id=&#8220;ref-side-info&#8220; el_class=&#8220;colored&#8220;]<strong>Ma\u00eetre d&#8217;ouvrage <\/strong>: R\u00e9gion Grand Est<\/p>\n<p><strong>Localisation <\/strong>: Metz<\/p>\n<p><strong>\u00c9tude <\/strong>: 2017-2019<\/p>\n<p><strong>Construction <\/strong>: 2019-2021[\/vc_column_text][vc_btn title=&#8220;T\u00e9l\u00e9charger la fiche de r\u00e9f\u00e9rence&#8220; link=&#8220;url:%2Fwp-content%2Fuploads%2F2022%2F07%2F35054_Restructuration-Lycee-J.Callot.pdf|target:_blank&#8220; el_class=&#8220;cta-btn&#8220;][\/vc_column][vc_column width=&#8220;2\/3&#8243;][vc_column_text el_class=&#8220;bot-border-black&#8220;]<\/p>\n<h1 class=\"upper\">Lyc\u00e9e Georges de la Tour<\/h1>\n<p>R\u00e9habilitation du Lyc\u00e9e Georges de la Tour \u00e0 Metz[\/vc_column_text][vc_single_image image=&#8220;286&#8243; img_size=&#8220;full&#8220; alignment=&#8220;center&#8220;][vc_row_inner][vc_column_inner width=&#8220;1\/2&#8243;][vc_column_text css=&#8220;.vc_custom_1653034299457{margin-bottom: 0px !important;}&#8220;]<\/p>\n<p class=\"big colored\">Caract\u00e9ristique(s) principale(s)<\/p>\n<ul class=\"black\">\n<li>Intervention en site occup\u00e9e (lyc\u00e9e maintenu en activit\u00e9 durant certaines phases des travaux)<\/li>\n<li>D\u00e9molition du R+3 d\u2019une aile du b\u00e2timent, pour reconstruction en structure m\u00e9tallique<\/li>\n<li>D\u00e9molition, curage divers dans le reste du b\u00e2timent<\/li>\n<li>Cr\u00e9ation d\u2019un ascenseur pour l\u2019accessibilit\u00e9 PMR<\/li>\n<li>Mise en conformit\u00e9 du b\u00e2timent du point de vu s\u00e9curit\u00e9 incendie<\/li>\n<li>Mise en conformit\u00e9 de l\u2019architecture informatique du lyc\u00e9e suivant la charte de la R\u00e9gion Grand Est<\/li>\n<li>R\u00e9utilisation de la chaufferie existante<\/li>\n<li>Cr\u00e9ation de nouvelle salle de classes banalis\u00e9es, des salles informatiques, et des salles de laboratoire pour des TP de chimie, biologie.<\/li>\n<li>Montant des travaux : 5.500.000,00 \u20ac HT<\/li>\n<\/ul>\n<p>[\/vc_column_text][\/vc_column_inner][vc_column_inner width=&#8220;1\/2&#8243;][vc_column_text css=&#8220;.vc_custom_1653034311971{margin-bottom: 0px !important;}&#8220;]<\/p>\n<p class=\"big colored\">Nos missions<\/p>\n<ul class=\"black\">\n<li>OPC (ordonnancement, la coordination et le pilotage du chantier)<\/li>\n<\/ul>\n<p>[\/vc_column_text][\/vc_column_inner][\/vc_row_inner][\/vc_column][\/vc_row][vc_row el_id=&#8220;ref-gallery&#8220; el_class=&#8220;top-mar-2&#8243;][vc_column][vc_column_text]<\/p>\n<h2 class=\"al-center upper bot-mar-2 top-mar-1\"><strong>Galerie photos<\/strong><\/h2>\n<p>[\/vc_column_text][vc_gallery type=&#8220;image_grid&#8220; images=&#8220;292,290,286&#8243; img_size=&#8220;full&#8220;][\/vc_column][\/vc_row][vc_row full_width=&#8220;stretch_row_content_no_spaces&#8220; el_class=&#8220;skew-bot-row skew-bot-row-light&#8220;][vc_column][\/vc_column][\/vc_row][\/vc_section][vc_section full_width=&#8220;stretch_row&#8220; el_id=&#8220;activity-reference-footer-sec&#8220; css=&#8220;.vc_custom_1642515200507{background-color: #004488 !important;}&#8220;][vc_row][vc_column][vc_column_text]<h2 class=\"white upper bot-mar-2 al-center top-mar-1\">Verbundene(r) T\u00e4tigkeitsbereich(e)<\/h1><div id=\"ref-act-footer\" class=\"ref-act-footer-c-1 \"><div class=\"ref-act-footer-item ref-act-footer-type-post\"><a href=\"https:\/\/sc-france.fr\/de\/taetigkeitsfelder\/opc-planung-steuerung-und-koordination-der-baustelle\/\"><img decoding=\"async\" src=\"https:\/\/sc-france.fr\/wp-content\/uploads\/2022\/07\/opc-featured-1024x768.jpg\"><div class=\"ref-act-footer-inner\"><span class=\"ref-act-footer-title\">OPC &#8211; Planung, Steuerung und Koordination der Baustelle<\/span><span class=\"ref-act-footer-ex\">[vc_section full_width=&#8220;stretch_row&#8220; el_id=&#8220;activity-intro&#8220; css=&#8220;.vc_custom_1658312284467{background-image: url(\/wp-content\/uploads\/2022\/07\/opc.png?id=239) !important;}&#8220;][vc_row el_id=&#8220;activity-intro-heading-row&#8220;][vc_column][vc_column_text] OPC &#8211; Planung, Steuerung und Koordination der Baustelle [\/vc_column_text][\/vc_column][\/vc_row][vc_row full_width=&#8220;stretch_row_content_no_spaces&#8220;][vc_column][vc_single_image image=&#8220;239&#8243; img_size=&#8220;full&#8220; alignment=&#8220;center&#8220; el_class=&#8220;no-space-img&#8220;][vc_column_text el_class=&#8220;hidden&#8220;]Wir \u00fcbernehmen das Zeitmanagement von<span class=\"excerpt-hellip\"> [\u2026]<\/span><\/span><\/div><\/a><\/div><\/div>[\/vc_column_text][\/vc_column][\/vc_row][\/vc_section]<\/p>\n","protected":false},"excerpt":{"rendered":"<p>R\u00e9habilitation du Lyc\u00e9e Georges de la Tour \u00e0 Metz<\/p>\n","protected":false},"author":1,"featured_media":287,"comment_status":"closed","ping_status":"closed","sticky":false,"template":"","format":"standard","meta":{"footnotes":""},"categories":[36,46,32],"tags":[],"class_list":["post-531","post","type-post","status-publish","format-standard","has-post-thumbnail","hentry","category-eine-oeffentliche-einrichtung","category-opc-planung-steuerung-und-koordination-der-baustelle","category-referenzen"],"yoast_head":"<!-- This site is optimized with the Yoast SEO plugin v19.14 - https:\/\/yoast.com\/wordpress\/plugins\/seo\/ -->\n<title>Lyc\u00e9e Georges de la Tour - SC France<\/title>\n<meta name=\"robots\" content=\"index, follow, max-snippet:-1, max-image-preview:large, max-video-preview:-1\" \/>\n<link rel=\"canonical\" href=\"https:\/\/sc-france.fr\/de\/lycee-georges-de-la-tour\/\" \/>\n<meta property=\"og:locale\" content=\"de_DE\" \/>\n<meta property=\"og:type\" content=\"article\" \/>\n<meta property=\"og:title\" content=\"Lyc\u00e9e Georges de la Tour - SC France\" \/>\n<meta property=\"og:description\" content=\"R\u00e9habilitation du Lyc\u00e9e Georges de la Tour \u00e0 Metz\" \/>\n<meta property=\"og:url\" content=\"https:\/\/sc-france.fr\/de\/lycee-georges-de-la-tour\/\" \/>\n<meta property=\"og:site_name\" content=\"SC France\" \/>\n<meta property=\"article:published_time\" content=\"2021-04-23T07:05:23+00:00\" \/>\n<meta property=\"article:modified_time\" content=\"2022-07-22T15:02:37+00:00\" \/>\n<meta property=\"og:image\" content=\"https:\/\/sc-france.fr\/wp-content\/uploads\/2022\/07\/20201104_101102.jpg\" \/>\n\t<meta property=\"og:image:width\" content=\"1200\" \/>\n\t<meta property=\"og:image:height\" content=\"900\" \/>\n\t<meta property=\"og:image:type\" content=\"image\/jpeg\" \/>\n<meta name=\"author\" content=\"SCFrance\" \/>\n<meta name=\"twitter:card\" content=\"summary_large_image\" \/>\n<meta name=\"twitter:label1\" content=\"Verfasst von\" \/>\n\t<meta name=\"twitter:data1\" content=\"SCFrance\" \/>\n\t<meta name=\"twitter:label2\" content=\"Gesch\u00e4tzte Lesezeit\" \/>\n\t<meta name=\"twitter:data2\" content=\"1\u00a0Minute\" \/>\n<script type=\"application\/ld+json\" class=\"yoast-schema-graph\">{\"@context\":\"https:\/\/schema.org\",\"@graph\":[{\"@type\":\"WebPage\",\"@id\":\"https:\/\/sc-france.fr\/de\/lycee-georges-de-la-tour\/\",\"url\":\"https:\/\/sc-france.fr\/de\/lycee-georges-de-la-tour\/\",\"name\":\"Lyc\u00e9e Georges de la Tour - SC France\",\"isPartOf\":{\"@id\":\"https:\/\/sc-france.fr\/#website\"},\"datePublished\":\"2021-04-23T07:05:23+00:00\",\"dateModified\":\"2022-07-22T15:02:37+00:00\",\"author\":{\"@id\":\"https:\/\/sc-france.fr\/#\/schema\/person\/f7d34c301296f71525b64d7117c0ff9c\"},\"breadcrumb\":{\"@id\":\"https:\/\/sc-france.fr\/de\/lycee-georges-de-la-tour\/#breadcrumb\"},\"inLanguage\":\"de\",\"potentialAction\":[{\"@type\":\"ReadAction\",\"target\":[\"https:\/\/sc-france.fr\/de\/lycee-georges-de-la-tour\/\"]}]},{\"@type\":\"BreadcrumbList\",\"@id\":\"https:\/\/sc-france.fr\/de\/lycee-georges-de-la-tour\/#breadcrumb\",\"itemListElement\":[{\"@type\":\"ListItem\",\"position\":1,\"name\":\"Home\",\"item\":\"https:\/\/sc-france.fr\/de\/\"},{\"@type\":\"ListItem\",\"position\":2,\"name\":\"Lyc\u00e9e Georges de la Tour\"}]},{\"@type\":\"WebSite\",\"@id\":\"https:\/\/sc-france.fr\/#website\",\"url\":\"https:\/\/sc-france.fr\/\",\"name\":\"SC France\",\"description\":\"Un site utilisant WordPress\",\"inLanguage\":\"de\"},{\"@type\":\"Person\",\"@id\":\"https:\/\/sc-france.fr\/#\/schema\/person\/f7d34c301296f71525b64d7117c0ff9c\",\"name\":\"SCFrance\",\"sameAs\":[\"http:\/\/sc-france.fr\"]}]}<\/script>\n<!-- \/ Yoast SEO plugin. -->","yoast_head_json":{"title":"Lyc\u00e9e Georges de la Tour - SC France","robots":{"index":"index","follow":"follow","max-snippet":"max-snippet:-1","max-image-preview":"max-image-preview:large","max-video-preview":"max-video-preview:-1"},"canonical":"https:\/\/sc-france.fr\/de\/lycee-georges-de-la-tour\/","og_locale":"de_DE","og_type":"article","og_title":"Lyc\u00e9e Georges de la Tour - SC France","og_description":"R\u00e9habilitation du Lyc\u00e9e Georges de la Tour \u00e0 Metz","og_url":"https:\/\/sc-france.fr\/de\/lycee-georges-de-la-tour\/","og_site_name":"SC France","article_published_time":"2021-04-23T07:05:23+00:00","article_modified_time":"2022-07-22T15:02:37+00:00","og_image":[{"width":1200,"height":900,"url":"https:\/\/sc-france.fr\/wp-content\/uploads\/2022\/07\/20201104_101102.jpg","type":"image\/jpeg"}],"author":"SCFrance","twitter_card":"summary_large_image","twitter_misc":{"Verfasst von":"SCFrance","Gesch\u00e4tzte Lesezeit":"1\u00a0Minute"},"schema":{"@context":"https:\/\/schema.org","@graph":[{"@type":"WebPage","@id":"https:\/\/sc-france.fr\/de\/lycee-georges-de-la-tour\/","url":"https:\/\/sc-france.fr\/de\/lycee-georges-de-la-tour\/","name":"Lyc\u00e9e Georges de la Tour - SC France","isPartOf":{"@id":"https:\/\/sc-france.fr\/#website"},"datePublished":"2021-04-23T07:05:23+00:00","dateModified":"2022-07-22T15:02:37+00:00","author":{"@id":"https:\/\/sc-france.fr\/#\/schema\/person\/f7d34c301296f71525b64d7117c0ff9c"},"breadcrumb":{"@id":"https:\/\/sc-france.fr\/de\/lycee-georges-de-la-tour\/#breadcrumb"},"inLanguage":"de","potentialAction":[{"@type":"ReadAction","target":["https:\/\/sc-france.fr\/de\/lycee-georges-de-la-tour\/"]}]},{"@type":"BreadcrumbList","@id":"https:\/\/sc-france.fr\/de\/lycee-georges-de-la-tour\/#breadcrumb","itemListElement":[{"@type":"ListItem","position":1,"name":"Home","item":"https:\/\/sc-france.fr\/de\/"},{"@type":"ListItem","position":2,"name":"Lyc\u00e9e Georges de la Tour"}]},{"@type":"WebSite","@id":"https:\/\/sc-france.fr\/#website","url":"https:\/\/sc-france.fr\/","name":"SC France","description":"Un site utilisant WordPress","inLanguage":"de"},{"@type":"Person","@id":"https:\/\/sc-france.fr\/#\/schema\/person\/f7d34c301296f71525b64d7117c0ff9c","name":"SCFrance","sameAs":["http:\/\/sc-france.fr"]}]}},"_links":{"self":[{"href":"https:\/\/sc-france.fr\/de\/wp-json\/wp\/v2\/posts\/531","targetHints":{"allow":["GET"]}}],"collection":[{"href":"https:\/\/sc-france.fr\/de\/wp-json\/wp\/v2\/posts"}],"about":[{"href":"https:\/\/sc-france.fr\/de\/wp-json\/wp\/v2\/types\/post"}],"author":[{"embeddable":true,"href":"https:\/\/sc-france.fr\/de\/wp-json\/wp\/v2\/users\/1"}],"replies":[{"embeddable":true,"href":"https:\/\/sc-france.fr\/de\/wp-json\/wp\/v2\/comments?post=531"}],"version-history":[{"count":1,"href":"https:\/\/sc-france.fr\/de\/wp-json\/wp\/v2\/posts\/531\/revisions"}],"predecessor-version":[{"id":532,"href":"https:\/\/sc-france.fr\/de\/wp-json\/wp\/v2\/posts\/531\/revisions\/532"}],"wp:featuredmedia":[{"embeddable":true,"href":"https:\/\/sc-france.fr\/de\/wp-json\/wp\/v2\/media\/287"}],"wp:attachment":[{"href":"https:\/\/sc-france.fr\/de\/wp-json\/wp\/v2\/media?parent=531"}],"wp:term":[{"taxonomy":"category","embeddable":true,"href":"https:\/\/sc-france.fr\/de\/wp-json\/wp\/v2\/categories?post=531"},{"taxonomy":"post_tag","embeddable":true,"href":"https:\/\/sc-france.fr\/de\/wp-json\/wp\/v2\/tags?post=531"}],"curies":[{"name":"wp","href":"https:\/\/api.w.org\/{rel}","templated":true}]}}