{"id":553,"date":"2018-08-31T09:25:23","date_gmt":"2018-08-31T07:25:23","guid":{"rendered":"http:\/\/sc-france.fr\/salle-de-spectacles-zenith\/"},"modified":"2022-07-22T17:07:50","modified_gmt":"2022-07-22T15:07:50","slug":"salle-de-spectacles-zenith","status":"publish","type":"post","link":"https:\/\/sc-france.fr\/de\/salle-de-spectacles-zenith\/","title":{"rendered":"Salle de spectacles Z\u00e9nith"},"content":{"rendered":"<p>[vc_section full_width=&#8220;stretch_row_content&#8220; el_id=&#8220;single-ref-header-intro&#8220; css=&#8220;.vc_custom_1658479999133{background-image: url(\/wp-content\/uploads\/2022\/07\/Group-831.png?id=388) !important;}&#8220;][vc_row full_width=&#8220;stretch_row_content_no_spaces&#8220;][vc_column][vc_single_image image=&#8220;388&#8243; img_size=&#8220;full&#8220; alignment=&#8220;center&#8220; css=&#8220;.vc_custom_1658479987498{margin-bottom: 0px !important;}&#8220;][vc_column_text el_class=&#8220;colored custom-breadcrumbs&#8220;]<a href=\"\/de\/referenzen\/\">Nos r\u00e9f\u00e9rences<\/a> &gt; Salle de spectacles Z\u00e9nith[\/vc_column_text][\/vc_column][\/vc_row][\/vc_section][vc_section el_id=&#8220;ref-content&#8220;][vc_row el_class=&#8220;bot-border-black&#8220;][vc_column width=&#8220;1\/3&#8243;][vc_column_text el_id=&#8220;ref-side-info&#8220; el_class=&#8220;colored&#8220;]<strong>Ma\u00eetre d&#8217;ouvrage <\/strong>: Communaut\u00e9 Urbaine de Strasbourg<\/p>\n<p><strong>Localisation <\/strong>: Strasbourg<\/p>\n<p><strong>Architecte <\/strong>: Agence d\u2019Architecture Massimiliano Fuksas (Paris)<\/p>\n<p><strong>\u00c9tude <\/strong>: 2006-2007<\/p>\n<p><strong>Construction <\/strong>: 2006-2007[\/vc_column_text][vc_btn title=&#8220;T\u00e9l\u00e9charger la fiche de r\u00e9f\u00e9rence&#8220; link=&#8220;url:%2Fwp-content%2Fuploads%2F2022%2F07%2F35035_Zenith_Strasbourg.pdf|target:_blank&#8220; el_class=&#8220;cta-btn&#8220;][\/vc_column][vc_column width=&#8220;2\/3&#8243;][vc_column_text el_class=&#8220;bot-border-black&#8220;]<\/p>\n<h1 class=\"upper\">Salle de spectacles Z\u00e9nith<\/h1>\n<p>SC France a men\u00e9 \u00e0 bien les \u00e9tudes d\u2019ex\u00e9cution pour la salle de spectacles Z\u00e9nith \u00e0 Strasbourg[\/vc_column_text][vc_row_inner][vc_column_inner width=&#8220;1\/2&#8243;][vc_column_text css=&#8220;.vc_custom_1653034299457{margin-bottom: 0px !important;}&#8220;]<\/p>\n<p class=\"big colored\">Caract\u00e9ristique(s) principale(s)<\/p>\n<ul class=\"black\">\n<li>300 pieux b\u00e9ton arm\u00e9<\/li>\n<li>10.000 m\u00b3 de b\u00e9ton<\/li>\n<li>800 tonnes acier HA<\/li>\n<li>2.000 tonnes de charpente m\u00e9tallique<\/li>\n<li>Coque b\u00e9ton arm\u00e9 2.400 m\u00b2<\/li>\n<li>Voiles courbes p\u00e9riph\u00e9riques H=20 m<\/li>\n<li>Gradins circulaires<\/li>\n<li>Toile p\u00e9riph\u00e9rique en fibre de verre silicon\u00e9e : 13.000 m\u00b2<\/li>\n<\/ul>\n<p>[\/vc_column_text][\/vc_column_inner][vc_column_inner width=&#8220;1\/2&#8243;][vc_column_text css=&#8220;.vc_custom_1653034311971{margin-bottom: 0px !important;}&#8220;]<\/p>\n<p class=\"big colored\">Nos missions<\/p>\n<ul class=\"black\">\n<li>Etudes d\u2019ex\u00e9cution b\u00e9ton arm\u00e9 et charpente m\u00e9tallique :\n<ul class=\"black sub-list\">\n<li>Mod\u00e9lisation sismique 3D<\/li>\n<li>Conception et dimensionnement structure b\u00e9ton<\/li>\n<li>Plans d\u2019ex\u00e9cution<\/li>\n<\/ul>\n<\/li>\n<\/ul>\n<p>[\/vc_column_text][\/vc_column_inner][\/vc_row_inner][\/vc_column][\/vc_row][vc_row el_id=&#8220;ref-gallery&#8220; el_class=&#8220;top-mar-2&#8243;][vc_column][vc_column_text]<\/p>\n<h2 class=\"al-center upper bot-mar-2 top-mar-1\"><strong>Galerie photos<\/strong><\/h2>\n<p>[\/vc_column_text][vc_gallery type=&#8220;image_grid&#8220; images=&#8220;385,383,381,379,377&#8243; img_size=&#8220;full&#8220;][\/vc_column][\/vc_row][vc_row full_width=&#8220;stretch_row_content_no_spaces&#8220; el_class=&#8220;skew-bot-row skew-bot-row-light&#8220;][vc_column][\/vc_column][\/vc_row][\/vc_section][vc_section full_width=&#8220;stretch_row&#8220; el_id=&#8220;activity-reference-footer-sec&#8220; css=&#8220;.vc_custom_1642515200507{background-color: #004488 !important;}&#8220;][vc_row][vc_column][vc_column_text]<h2 class=\"white upper bot-mar-2 al-center top-mar-1\">Verbundene(r) T\u00e4tigkeitsbereich(e)<\/h1><div id=\"ref-act-footer\" class=\"ref-act-footer-c-1 \"><div class=\"ref-act-footer-item ref-act-footer-type-post\"><a href=\"https:\/\/sc-france.fr\/de\/taetigkeitsfelder\/konstruktiver-ingenieurbau-tragwerksplanung\/\"><img decoding=\"async\" src=\"https:\/\/sc-france.fr\/wp-content\/uploads\/2022\/07\/Zenith_ET_METAL-BOIS-1200x900-c-default-1024x768.jpg\"><div class=\"ref-act-footer-inner\"><span class=\"ref-act-footer-title\">Konstruktiver Ingenieurbau, Tragwerksplanung<\/span><span class=\"ref-act-footer-ex\">[vc_section full_width=&#8220;stretch_row&#8220; el_id=&#8220;activity-intro&#8220; css=&#8220;.vc_custom_1658311922532{background-image: url(\/wp-content\/uploads\/2022\/07\/structur.png?id=174) !important;}&#8220;][vc_row el_id=&#8220;activity-intro-heading-row&#8220;][vc_column][vc_column_text] Konstruktiver Ingenieurbau, Tragwerksplanung [\/vc_column_text][\/vc_column][\/vc_row][vc_row full_width=&#8220;stretch_row_content_no_spaces&#8220;][vc_column][vc_single_image image=&#8220;174&#8243; img_size=&#8220;full&#8220; alignment=&#8220;center&#8220; el_class=&#8220;no-space-img&#8220;][vc_column_text el_class=&#8220;hidden&#8220;]Entdecken Sie unsere Leistungen im Bereich des konstruktiven Ingenieurbaus f\u00fcr<span class=\"excerpt-hellip\"> [\u2026]<\/span><\/span><\/div><\/a><\/div><\/div>[\/vc_column_text][\/vc_column][\/vc_row][\/vc_section]<\/p>\n","protected":false},"excerpt":{"rendered":"<p>SC France a men\u00e9 \u00e0 bien les \u00e9tudes d\u2019ex\u00e9cution pour la salle de spectacles Z\u00e9nith \u00e0 Strasbourg.<\/p>\n","protected":false},"author":1,"featured_media":384,"comment_status":"closed","ping_status":"closed","sticky":false,"template":"","format":"standard","meta":{"footnotes":""},"categories":[38,36,39,32],"tags":[],"class_list":["post-553","post","type-post","status-publish","format-standard","has-post-thumbnail","hentry","category-eine-fachkraft","category-eine-oeffentliche-einrichtung","category-konstruktiver-ingenieurbau-tragwerksplanung","category-referenzen"],"yoast_head":"<!-- This site is optimized with the Yoast SEO plugin v19.14 - https:\/\/yoast.com\/wordpress\/plugins\/seo\/ -->\n<title>Salle de spectacles Z\u00e9nith - SC France<\/title>\n<meta name=\"robots\" content=\"index, follow, max-snippet:-1, max-image-preview:large, max-video-preview:-1\" \/>\n<link rel=\"canonical\" href=\"https:\/\/sc-france.fr\/de\/salle-de-spectacles-zenith\/\" \/>\n<meta property=\"og:locale\" content=\"de_DE\" \/>\n<meta property=\"og:type\" content=\"article\" \/>\n<meta property=\"og:title\" content=\"Salle de spectacles Z\u00e9nith - SC France\" \/>\n<meta property=\"og:description\" content=\"SC France a men\u00e9 \u00e0 bien les \u00e9tudes d\u2019ex\u00e9cution pour la salle de spectacles Z\u00e9nith \u00e0 Strasbourg.\" \/>\n<meta property=\"og:url\" content=\"https:\/\/sc-france.fr\/de\/salle-de-spectacles-zenith\/\" \/>\n<meta property=\"og:site_name\" content=\"SC France\" \/>\n<meta property=\"article:published_time\" content=\"2018-08-31T07:25:23+00:00\" \/>\n<meta property=\"article:modified_time\" content=\"2022-07-22T15:07:50+00:00\" \/>\n<meta property=\"og:image\" content=\"https:\/\/sc-france.fr\/wp-content\/uploads\/2022\/07\/Zenith_ET_METAL-BOIS-1920x1285-1.jpg\" \/>\n\t<meta property=\"og:image:width\" content=\"1200\" \/>\n\t<meta property=\"og:image:height\" content=\"900\" \/>\n\t<meta property=\"og:image:type\" content=\"image\/jpeg\" \/>\n<meta name=\"author\" content=\"SCFrance\" \/>\n<meta name=\"twitter:card\" content=\"summary_large_image\" \/>\n<meta name=\"twitter:label1\" content=\"Verfasst von\" \/>\n\t<meta name=\"twitter:data1\" content=\"SCFrance\" \/>\n\t<meta name=\"twitter:label2\" content=\"Gesch\u00e4tzte Lesezeit\" \/>\n\t<meta name=\"twitter:data2\" content=\"1\u00a0Minute\" \/>\n<script type=\"application\/ld+json\" class=\"yoast-schema-graph\">{\"@context\":\"https:\/\/schema.org\",\"@graph\":[{\"@type\":\"WebPage\",\"@id\":\"https:\/\/sc-france.fr\/de\/salle-de-spectacles-zenith\/\",\"url\":\"https:\/\/sc-france.fr\/de\/salle-de-spectacles-zenith\/\",\"name\":\"Salle de spectacles Z\u00e9nith - SC France\",\"isPartOf\":{\"@id\":\"https:\/\/sc-france.fr\/#website\"},\"datePublished\":\"2018-08-31T07:25:23+00:00\",\"dateModified\":\"2022-07-22T15:07:50+00:00\",\"author\":{\"@id\":\"https:\/\/sc-france.fr\/#\/schema\/person\/f7d34c301296f71525b64d7117c0ff9c\"},\"breadcrumb\":{\"@id\":\"https:\/\/sc-france.fr\/de\/salle-de-spectacles-zenith\/#breadcrumb\"},\"inLanguage\":\"de\",\"potentialAction\":[{\"@type\":\"ReadAction\",\"target\":[\"https:\/\/sc-france.fr\/de\/salle-de-spectacles-zenith\/\"]}]},{\"@type\":\"BreadcrumbList\",\"@id\":\"https:\/\/sc-france.fr\/de\/salle-de-spectacles-zenith\/#breadcrumb\",\"itemListElement\":[{\"@type\":\"ListItem\",\"position\":1,\"name\":\"Home\",\"item\":\"https:\/\/sc-france.fr\/de\/\"},{\"@type\":\"ListItem\",\"position\":2,\"name\":\"Salle de spectacles Z\u00e9nith\"}]},{\"@type\":\"WebSite\",\"@id\":\"https:\/\/sc-france.fr\/#website\",\"url\":\"https:\/\/sc-france.fr\/\",\"name\":\"SC France\",\"description\":\"Un site utilisant WordPress\",\"inLanguage\":\"de\"},{\"@type\":\"Person\",\"@id\":\"https:\/\/sc-france.fr\/#\/schema\/person\/f7d34c301296f71525b64d7117c0ff9c\",\"name\":\"SCFrance\",\"sameAs\":[\"http:\/\/sc-france.fr\"]}]}<\/script>\n<!-- \/ Yoast SEO plugin. -->","yoast_head_json":{"title":"Salle de spectacles Z\u00e9nith - SC France","robots":{"index":"index","follow":"follow","max-snippet":"max-snippet:-1","max-image-preview":"max-image-preview:large","max-video-preview":"max-video-preview:-1"},"canonical":"https:\/\/sc-france.fr\/de\/salle-de-spectacles-zenith\/","og_locale":"de_DE","og_type":"article","og_title":"Salle de spectacles Z\u00e9nith - SC France","og_description":"SC France a men\u00e9 \u00e0 bien les \u00e9tudes d\u2019ex\u00e9cution pour la salle de spectacles Z\u00e9nith \u00e0 Strasbourg.","og_url":"https:\/\/sc-france.fr\/de\/salle-de-spectacles-zenith\/","og_site_name":"SC France","article_published_time":"2018-08-31T07:25:23+00:00","article_modified_time":"2022-07-22T15:07:50+00:00","og_image":[{"width":1200,"height":900,"url":"https:\/\/sc-france.fr\/wp-content\/uploads\/2022\/07\/Zenith_ET_METAL-BOIS-1920x1285-1.jpg","type":"image\/jpeg"}],"author":"SCFrance","twitter_card":"summary_large_image","twitter_misc":{"Verfasst von":"SCFrance","Gesch\u00e4tzte Lesezeit":"1\u00a0Minute"},"schema":{"@context":"https:\/\/schema.org","@graph":[{"@type":"WebPage","@id":"https:\/\/sc-france.fr\/de\/salle-de-spectacles-zenith\/","url":"https:\/\/sc-france.fr\/de\/salle-de-spectacles-zenith\/","name":"Salle de spectacles Z\u00e9nith - SC France","isPartOf":{"@id":"https:\/\/sc-france.fr\/#website"},"datePublished":"2018-08-31T07:25:23+00:00","dateModified":"2022-07-22T15:07:50+00:00","author":{"@id":"https:\/\/sc-france.fr\/#\/schema\/person\/f7d34c301296f71525b64d7117c0ff9c"},"breadcrumb":{"@id":"https:\/\/sc-france.fr\/de\/salle-de-spectacles-zenith\/#breadcrumb"},"inLanguage":"de","potentialAction":[{"@type":"ReadAction","target":["https:\/\/sc-france.fr\/de\/salle-de-spectacles-zenith\/"]}]},{"@type":"BreadcrumbList","@id":"https:\/\/sc-france.fr\/de\/salle-de-spectacles-zenith\/#breadcrumb","itemListElement":[{"@type":"ListItem","position":1,"name":"Home","item":"https:\/\/sc-france.fr\/de\/"},{"@type":"ListItem","position":2,"name":"Salle de spectacles Z\u00e9nith"}]},{"@type":"WebSite","@id":"https:\/\/sc-france.fr\/#website","url":"https:\/\/sc-france.fr\/","name":"SC France","description":"Un site utilisant WordPress","inLanguage":"de"},{"@type":"Person","@id":"https:\/\/sc-france.fr\/#\/schema\/person\/f7d34c301296f71525b64d7117c0ff9c","name":"SCFrance","sameAs":["http:\/\/sc-france.fr"]}]}},"_links":{"self":[{"href":"https:\/\/sc-france.fr\/de\/wp-json\/wp\/v2\/posts\/553","targetHints":{"allow":["GET"]}}],"collection":[{"href":"https:\/\/sc-france.fr\/de\/wp-json\/wp\/v2\/posts"}],"about":[{"href":"https:\/\/sc-france.fr\/de\/wp-json\/wp\/v2\/types\/post"}],"author":[{"embeddable":true,"href":"https:\/\/sc-france.fr\/de\/wp-json\/wp\/v2\/users\/1"}],"replies":[{"embeddable":true,"href":"https:\/\/sc-france.fr\/de\/wp-json\/wp\/v2\/comments?post=553"}],"version-history":[{"count":1,"href":"https:\/\/sc-france.fr\/de\/wp-json\/wp\/v2\/posts\/553\/revisions"}],"predecessor-version":[{"id":554,"href":"https:\/\/sc-france.fr\/de\/wp-json\/wp\/v2\/posts\/553\/revisions\/554"}],"wp:featuredmedia":[{"embeddable":true,"href":"https:\/\/sc-france.fr\/de\/wp-json\/wp\/v2\/media\/384"}],"wp:attachment":[{"href":"https:\/\/sc-france.fr\/de\/wp-json\/wp\/v2\/media?parent=553"}],"wp:term":[{"taxonomy":"category","embeddable":true,"href":"https:\/\/sc-france.fr\/de\/wp-json\/wp\/v2\/categories?post=553"},{"taxonomy":"post_tag","embeddable":true,"href":"https:\/\/sc-france.fr\/de\/wp-json\/wp\/v2\/tags?post=553"}],"curies":[{"name":"wp","href":"https:\/\/api.w.org\/{rel}","templated":true}]}}